{"id":415,"date":"2023-09-18T16:51:20","date_gmt":"2023-09-18T16:51:20","guid":{"rendered":"https:\/\/blogs.sindominio.net\/aldarull\/?p=415"},"modified":"2023-11-16T12:02:48","modified_gmt":"2023-11-16T12:02:48","slug":"fes-te-socia-daldarull-ajudans-a-continuar-endavant","status":"publish","type":"post","link":"https:\/\/aldarull.org\/?p=415","title":{"rendered":"Fes-te s\u00f2cia d&#8217;Aldarull! Ajuda&#8217;ns a continuar endavant"},"content":{"rendered":"\n<figure class=\"wp-block-image size-large\"><img loading=\"lazy\" decoding=\"async\" width=\"1024\" height=\"614\" src=\"https:\/\/blogs.sindominio.net\/aldarull\/files\/2023\/09\/sociesssssssssss-1024x614.png\" alt=\"\" class=\"wp-image-556\" srcset=\"https:\/\/aldarull.org\/files\/2023\/09\/sociesssssssssss-1024x614.png 1024w, https:\/\/aldarull.org\/files\/2023\/09\/sociesssssssssss-300x180.png 300w, https:\/\/aldarull.org\/files\/2023\/09\/sociesssssssssss-768x460.png 768w, https:\/\/aldarull.org\/files\/2023\/09\/sociesssssssssss-1536x921.png 1536w, https:\/\/aldarull.org\/files\/2023\/09\/sociesssssssssss.png 2000w\" sizes=\"auto, (max-width: 1024px) 100vw, 1024px\" \/><\/figure>\n\n\n\n<p><a href=\"#castellano\" data-type=\"internal\" data-id=\"#castellano\">Art\u00edculo en castellano aqu\u00ed<\/a><\/p>\n\n\n\n<p>Com ja sabreu, Aldarull&nbsp;\u00e9s&nbsp;un projecte anarquista autogestionat des de fa&nbsp;14&nbsp;anys al barri de Gr\u00e0cia a Barcelona. En aquest temps han sigut moltes les persones que han format part del projecte d&#8217;una&nbsp;o&nbsp;altra manera. Des de persones compromeses que han estat part de l&#8217;assemblea fins a clients afins i fidels que ens han escollit com el lloc a on volen comprar les seves lectures. Amb el nou comen\u00e7ament del curs renovem la convicci\u00f3 de continuar en Gr\u00e0cia, aquest barri consumit pel capital, amb tot en contra nostra, per tal de&nbsp;continuar&nbsp;lluitant des de la mateixa gola del llop.<\/p>\n\n\n\n<p>Una de les principals raons \u00e9s dotar de solidesa econ\u00f2mica el projecte. Aldarull, malauradament, encara no \u00e9s sostenible econ\u00f2micament. La nostra intenci\u00f3 \u00e9s aconseguir que ho sigui, que continu\u00ef oberta i que continu\u00ef <strong>generant xarxa, fent difusi\u00f3 d&#8217;idees radicals, creant pensament anarquista i que torni a generar ingressos per poder donar a diverses causes i col\u00b7lectius amb els quals ens sentim identificats. <\/strong>Aix\u00ed que hem preparat una campanya de s\u00f2cies perqu\u00e8 pugueu aportar el vostre granet de sorra amb el que construir una base econ\u00f2mica que ens&nbsp;doni&nbsp;estabilitat de cara a poder pagar el local. Si tens ganes i pots donar-nos suport, suma&#8217;t a la campanya de s\u00f2cies d&#8217;Aldarull!<\/p>\n\n\n\n<p>Per\u00f2 com que ja&nbsp;\u00e9s&nbsp;normal que hi hagi dubtes, volem explicar una mica&nbsp;m\u00e9s&nbsp;que significa fer-se s\u00f2cia d&#8217;Aldarull.<\/p>\n\n\n\n<h2 class=\"wp-block-heading\"><em>Qui pot fer-se s\u00f2cia?<\/em><\/h2>\n\n\n\n<p>Qualsevol persona que estigui interessada a recolzar a Aldarull, projecte anarquista autogestionat que lluita cada dia amb la determinaci\u00f3 de continuar amb la difusi\u00f3 de les idees que ens permeten fer-li front a l&#8217;estat, el patriarcat i al capital. Si t\u2019agrada que hi siguem al barri, no ho dubtis, fes-te soci d\u2019Aldarull!<\/p>\n\n\n\n<h2 class=\"wp-block-heading\"><em>En qu\u00e8 consisteix?<\/em><\/h2>\n\n\n\n<p>Una \u00fanica quota anual de 50 euros amb la que aconsegueixes un 5% de descompte en els nostres llibres i tamb\u00e9 descomptes en cursos fets a la llibreria i activitats que programem, participaci\u00f3 en sorteigs i altres sorpreses, a m\u00e9s de contribuir amb la nostra lluita. Aquesta quota es domiciliar\u00e0 i es cobrar\u00e0 una vegada a l\u2019any sense costes addicionals.<\/p>\n\n\n\n<h2 class=\"wp-block-heading\"><em>Com fer-ho?<\/em><\/h2>\n\n\n\n<p>Pots vindre a la llibreria i preguntar per a fer-te s\u00f2cia, nom\u00e9s has d\u2019omplir un paper amb algunes dades o completar el <a href=\"https:\/\/aldarull.org\/?page_id=53\" data-type=\"link\" data-id=\"https:\/\/aldarull.org\/?page_id=53\">formulari d&#8217;inscripci\u00f3 a la nostra web.<\/a><\/p>\n\n\n\n<p>Si tens qualsevol dubta pots trucar-nos, enviar un mail a <a href=\"mailto:llibreria@aldarull.org\">llibreria@aldarull.org<\/a> o enviar un missatge per xarxes socials!<\/p>\n\n\n\n<h2 class=\"wp-block-heading\"><em>Qu\u00e8 passa si jo ja era soci de l&#8217;anterior format?<\/em><\/h2>\n\n\n\n<p>El que passa es que pots seguir fent servir el teu saldo per comprar llibres en Aldarull, o be pots fer servir aquest saldo per tal de fer-te s\u00f2cia de la llibreria en aquest nou format. El teu saldo no desapareix si no et fas s\u00f2cia de nou i tampoc et farem s\u00f2cia de la nova modalitat autom\u00e0ticament.<\/p>\n\n\n\n<p><strong>I aix\u00f2 \u00e9s tot per ara, us esperem a la llibreria i tamb\u00e9 als carrers!<\/strong><\/p>\n\n\n\n<hr class=\"wp-block-separator has-alpha-channel-opacity\"\/>\n\n\n\n<p id=\"castellano\">[CASTELLANO]<\/p>\n\n\n\n<h1 class=\"wp-block-heading\">Hazte socia de Aldarull! Ay\u00fadanos a seguir adelante.<\/h1>\n\n\n\n<p>Como ya sabr\u00e9is, Aldarull es un proyecto anarquista autogestionado desde hace 14 a\u00f1os en el barrio de Gr\u00e0cia de Barcelona. En este tiempo han sido muchas las personas que han formado parte del proyecto de una u otra manera. Desde personas comprometidas que han sido parte de la asamblea hasta clientes afines y fieles que nos han escogido para comprar sus lecturas. Con el nuevo inicio de curso renovamos la convicci\u00f3n de continuar en Gr\u00e0cia, este barrio consumido por el capital, con todo en nuestra contra, para seguir luchando desde la misma boca del lobo.<\/p>\n\n\n\n<p>Pero eso no lo podemos hacer solas, os necesitamos a vosotras, a la red que hemos ido tejiendo desde hace a\u00f1os y con la que seremos capaces de resistir los embates del capitalismo. Por todo ello comienza una nueva etapa en la que <strong>lanzamos una campa\u00f1a de nuevas s\u00f3cias para formalizar este v\u00ednculo que nos une.<\/strong><\/p>\n\n\n\n<p>Una de las principales razones es dotar de solidez econ\u00f3mica al proyecto. Aldarull, por desgracia, no es sostenible econ\u00f3micamente. Nuestra intenci\u00f3n es conseguir que lo sea, que siga abierta y <strong>generando red, difundiendo ideas radicales, creando pensamiento anarquista y que vuelva a generar ingresos para donar a diversas causas y colectivos con los que nos sentimos identificadas<\/strong>. As\u00ed que os hemos preparado una campa\u00f1a de socias para que pod\u00e1is aportar vuestro granito de arena con el que construir la base econ\u00f3mica que nos de estabilidad de cara a poder pagar el local. Si tienes ganas y puedes apoyarnos, \u00a1S\u00famate a la campa\u00f1a de s\u00f3cias de Aldarull!<\/p>\n\n\n\n<p>Pero como es normal que haya dudas, queremos explicar un poco m\u00e1s qu\u00e9 significa hacerse socia de Aldarull.<\/p>\n\n\n\n<h2 class=\"wp-block-heading\"><em>\u00bfQui\u00e9n puede hacerse socia?<\/em><\/h2>\n\n\n\n<p>Cualquier persona que est\u00e9 interesada en apoyar a Aldarull, proyecto anarquista autogestionado que lucha cada d\u00eda con la determinaci\u00f3n de continuar con la difusi\u00f3n de las ideas que nos permiten hacerle frente al estado, el patriarcado y el capital. Si te gusta que estemos en el barrio, no lo dudes, hazte socia de Aldarull.<\/p>\n\n\n\n<h2 class=\"wp-block-heading\"><em>\u00bfEn qu\u00e9 consiste?<\/em><\/h2>\n\n\n\n<p>Consiste en una \u00fanica cuota anual de 50 euros con la que consigues un 5% de  descuento en nuestros libros y tambi\u00e9n descuentos en los cursos hechos en la librer\u00eda y actividades que programamos, participaci\u00f3n en sorteos y otras sorpresas, adem\u00e1s de contribuir con nuestra lucha. Esta cuota se domiciliar\u00e1 i se cobrar\u00e1 una vez al a\u00f1o sin costes adicionales.<\/p>\n\n\n\n<h2 class=\"wp-block-heading\"><em>\u00bfC\u00f3mo hacerlo?<\/em><\/h2>\n\n\n\n<p>Puedes venir a la librer\u00eda y preguntar para hacerte socia, s\u00f3lo has de rellenar un papel con algunos datos o completar el <a href=\"https:\/\/aldarull.org\/?page_id=53\" data-type=\"link\" data-id=\"https:\/\/aldarull.org\/?page_id=53\">formulario de inscripci\u00f3n en nuestra web.<\/a><\/p>\n\n\n\n<p>Si tienes cualquier duda puedes llamarnos, enviar un mail a llibreria@aldarull.org o enviar un mensaje por redes sociales!<\/p>\n\n\n\n<h2 class=\"wp-block-heading\"><em>\u00bfQu\u00e9 pasa si yo ya era socia del anterior formato?<\/em><\/h2>\n\n\n\n<p>Lo que pasa es que puedes seguir usando tu saldo para comprar libros en Aldarull o bien para hacerte socia de la librer\u00eda en este nuevo formato. Tu saldo no desaparece si no te haces socia de nuevo y tampoco te haremos socia de la nueva modalidad autom\u00e1ticamente.<\/p>\n\n\n\n<p><strong>Y eso es todo por ahora. Os esperamos en la librer\u00eda y tambi\u00e9n en las calles!<\/strong><\/p>\n","protected":false},"excerpt":{"rendered":"<p>Art\u00edculo en castellano aqu\u00ed Com ja sabreu, Aldarull&nbsp;\u00e9s&nbsp;un projecte anarquista autogestionat des de fa&nbsp;14&nbsp;anys al barri de Gr\u00e0cia a Barcelona. En aquest temps han sigut moltes les persones que han format part del projecte d&#8217;una&nbsp;o&nbsp;altra manera. Des de persones compromeses que han estat part de l&#8217;assemblea fins a clients afins i fidels que ens han [&hellip;]<\/p>\n","protected":false},"author":207,"featured_media":556,"comment_status":"closed","ping_status":"open","sticky":false,"template":"","format":"standard","meta":{"footnotes":""},"categories":[1],"tags":[],"class_list":{"0":"post-415","1":"post","2":"type-post","3":"status-publish","4":"format-standard","5":"has-post-thumbnail","7":"category-sin-categoria","8":"czr-hentry"},"_links":{"self":[{"href":"https:\/\/aldarull.org\/index.php?rest_route=\/wp\/v2\/posts\/415","targetHints":{"allow":["GET"]}}],"collection":[{"href":"https:\/\/aldarull.org\/index.php?rest_route=\/wp\/v2\/posts"}],"about":[{"href":"https:\/\/aldarull.org\/index.php?rest_route=\/wp\/v2\/types\/post"}],"author":[{"embeddable":true,"href":"https:\/\/aldarull.org\/index.php?rest_route=\/wp\/v2\/users\/207"}],"replies":[{"embeddable":true,"href":"https:\/\/aldarull.org\/index.php?rest_route=%2Fwp%2Fv2%2Fcomments&post=415"}],"version-history":[{"count":11,"href":"https:\/\/aldarull.org\/index.php?rest_route=\/wp\/v2\/posts\/415\/revisions"}],"predecessor-version":[{"id":690,"href":"https:\/\/aldarull.org\/index.php?rest_route=\/wp\/v2\/posts\/415\/revisions\/690"}],"wp:featuredmedia":[{"embeddable":true,"href":"https:\/\/aldarull.org\/index.php?rest_route=\/wp\/v2\/media\/556"}],"wp:attachment":[{"href":"https:\/\/aldarull.org\/index.php?rest_route=%2Fwp%2Fv2%2Fmedia&parent=415"}],"wp:term":[{"taxonomy":"category","embeddable":true,"href":"https:\/\/aldarull.org\/index.php?rest_route=%2Fwp%2Fv2%2Fcategories&post=415"},{"taxonomy":"post_tag","embeddable":true,"href":"https:\/\/aldarull.org\/index.php?rest_route=%2Fwp%2Fv2%2Ftags&post=415"}],"curies":[{"name":"wp","href":"https:\/\/api.w.org\/{rel}","templated":true}]}}