{"id":388,"date":"2023-04-18T19:22:40","date_gmt":"2023-04-18T19:22:40","guid":{"rendered":"https:\/\/blogs.sindominio.net\/aldarull\/?p=388"},"modified":"2023-04-20T07:30:57","modified_gmt":"2023-04-20T07:30:57","slug":"3-recomanacions-de-llibres-feministes-per-aquest-sant-jordi","status":"publish","type":"post","link":"https:\/\/aldarull.org\/?p=388","title":{"rendered":"3 Recomanacions de llibres feministes per aquest Sant Jordi"},"content":{"rendered":"\n<p><a href=\"https:\/\/blogs.sindominio.net\/aldarull\/?p=388#castellano\">[versi\u00f3n en castellano]<\/a><\/p>\n\n\n\n<p>Ja es aqu\u00ed <strong>Sant Jordi<\/strong>, una de les dates m\u00e9s importants per a les persones amants de la lectura. Per sort, ja fa temps que es q\u00fcestiona el concepte d\u2019aquesta festivitat en honor al fornit cavaller que va <strong>matar al drac i va salvar la princesa<\/strong>. Avui dia, no has de rebre una flor pel fet de ser dona ni esperar rebre un llibre per ser home. Avui, haur\u00edem de poder triar el g\u00e8nere amb qu\u00e8 ens definim (si es que ens definim amb algun d\u2019ells) i qualsevol persona hauria de poder rebre llibres que ampli\u00efn llurs horitzons i els enriqueixin la ment. Les flors, per altra banda, potser f\u00f3ra bo deixar-les cr\u00e9ixer tranquil\u00b7les, que no tenen culpa de res.<br>Des de la llibreria Aldarull, us proposem tres aut\u00e8ntiques \u00abbombes\u00bb seleccionades d\u2019entre les nostres lleixes,<strong> <\/strong>totes elles<strong> escrites per dones amb una mirada cr\u00edtica i feminista, perqu\u00e8 no tingueu excusa a l\u2019hora de regalar idees a qui m\u00e9s estimeu<\/strong>. Som-hi!<\/p>\n\n\n\n<h2 class=\"wp-block-heading\">EL VIATGE DE PAULA<\/h2>\n\n\n\n<p>La nostra primera recomanaci\u00f3 de Sant Jordi es aquesta novetat de la manresana Laura Roqueta. L\u2019obra explica la historia d&#8217;una dona que parla per primera vegada sobre l&#8217;<strong>agressi\u00f3 sexual<\/strong> que va patir a la seva adolesc\u00e8ncia i els reptes que es trobar\u00e0 en el seu cam\u00ed de recuperaci\u00f3. Un llibre que aprofundeix en la <strong>cultura del consentiment<\/strong>.<\/p>\n\n\n\n<figure class=\"wp-block-image size-large\"><img loading=\"lazy\" decoding=\"async\" width=\"576\" height=\"1024\" src=\"https:\/\/blogs.sindominio.net\/aldarull\/files\/2023\/04\/image_2023-04-18_18-46-38-576x1024.jpg\" alt=\"\" class=\"wp-image-389\" srcset=\"https:\/\/aldarull.org\/files\/2023\/04\/image_2023-04-18_18-46-38-576x1024.jpg 576w, https:\/\/aldarull.org\/files\/2023\/04\/image_2023-04-18_18-46-38-169x300.jpg 169w, https:\/\/aldarull.org\/files\/2023\/04\/image_2023-04-18_18-46-38.jpg 720w\" sizes=\"auto, (max-width: 576px) 100vw, 576px\" \/><figcaption class=\"wp-element-caption\">portada de &#8220;El viatge de Paula&#8221;<\/figcaption><\/figure>\n\n\n\n<p>Tota l&#8217;obra es converteix aixi en un fant\u00e0stic apropament a aquestes viv\u00e8ncies carregat d\u2019empatia a on es reflexiona sobre el fet d&#8217;estar en una societat &#8220;on les supervivents que decideixen denunciar s&#8217;enfronten a una doble victimitzaci\u00f3 i a un <strong>proc\u00e9s injust i revictimitzant<\/strong> que pot allargar-se durant anys&#8221;.<\/p>\n\n\n\n<h2 class=\"wp-block-heading\">C\u00d3MO SER AUTISTA<\/h2>\n\n\n\n<p>Una altra historia carregada de vitalitat i superaci\u00f3, guanyadora del <strong>Spectrum Art Prize<\/strong>, aquesta vegada parlem de altre tipus de superviv\u00e8ncia, la de les persones autistes. De la m\u00e0 de <strong>Charlotte Amelia Poe<\/strong> ens enrolem en un viatge per una cara del autisme no tan coneguda, una que no apareix en les xarxes socials ni en altres llibres. En paraules de l\u2019autora: \u00abuna hist\u00f2ria que parla de la superviv\u00e8ncia, el por i, finalment, l\u2019esperan\u00e7a\u00bb i que t\u00e9 la finalitat de canviar la percepci\u00f3 que hi ha a la societat envers a les persones autistes, alhora que intenta fer que aquestes no es sentin tan a\u00efllades.<\/p>\n\n\n\n<h2 class=\"wp-block-heading\">ELS DESPOSSE\u00cfTS<\/h2>\n\n\n\n<p>L\u2019opera prima de la sempre genial <strong>Ursula K. Le Guin<\/strong>, un llibre imprescindible no sols per als amants de la ci\u00e8ncia ficci\u00f3, sin\u00f3 <strong>per a tothom que es faci preguntes sobre el mon en el que vivim<\/strong>. Una brutal novel\u00b7la ambientada en un univers a on els anarquistes han fet una revoluci\u00f3 i han acabat exiliats en el seu propi planeta. En aquest relat hi es, literalment, tota la ess\u00e8ncia de l\u2019anarquisme, totes les contradiccions, tots els reptes i tots els assoliments possibles. Una obra que, si b\u00e9 es possible que et deixi amb m\u00e9s preguntes que respostes, no podr\u00e0s llegir una sola vegada i, de totes maneres, de bon segur que et far\u00e0 pensar.<\/p>\n\n\n\n<figure class=\"wp-block-image size-large\"><img loading=\"lazy\" decoding=\"async\" width=\"576\" height=\"1024\" src=\"https:\/\/blogs.sindominio.net\/aldarull\/files\/2023\/04\/image_2023-04-18_18-46-46-576x1024.jpg\" alt=\"\" class=\"wp-image-390\" srcset=\"https:\/\/aldarull.org\/files\/2023\/04\/image_2023-04-18_18-46-46-576x1024.jpg 576w, https:\/\/aldarull.org\/files\/2023\/04\/image_2023-04-18_18-46-46-169x300.jpg 169w, https:\/\/aldarull.org\/files\/2023\/04\/image_2023-04-18_18-46-46.jpg 720w\" sizes=\"auto, (max-width: 576px) 100vw, 576px\" \/><figcaption class=\"wp-element-caption\">Portada de &#8220;Els Desposse\u00efts&#8221;<\/figcaption><\/figure>\n\n\n\n<h1 class=\"wp-block-heading\" id=\"castellano\">TRES RECOMENDACIONES DE LIBROS FEMINISTAS PARA ESTE SANT JORDI<\/h1>\n\n\n\n<p>Ya est\u00e1 aqu\u00ed <strong>Sant Jordi<\/strong>, una de las fechas m\u00e1s importantes para las personas amantes de la lectura. Por suerte hace ya tiempo que se cuestiona el concepto de esta fiesta en honor al fornido caballero que <strong>mat\u00f3 al drag\u00f3n y salv\u00f3 la princesa<\/strong>. Hoy en d\u00eda no tienes por qu\u00e9 recibir una flor por el hecho de ser mujer ni esperar recibir un libro por ser hombre. Hoy, deber\u00edamos poder elegir el g\u00e9nero con el que nos definimos (si es que nos definimos con alguno de ellos) y cualquier persona deber\u00eda poder recibir libros que ampl\u00eden sus horizontes y les enriquezcan la mente. Las flores, por otra parte, igual har\u00edamos bien dej\u00e1ndolas crecer tranquilas, que no tienen la culpa de nada.<\/p>\n\n\n\n<p>Desde la librer\u00eda Aldarull os proponemos tres aut\u00e9nticas &#8220;bombas&#8221; seleccionadas de entre nuestros estantes, todas ellas <strong>escritas por mujeres con una mirada cr\u00edtica y feminista, para que no teng\u00e1is excusa a la hora de regalar ideas a quien m\u00e1s quer\u00e9is<\/strong>. All\u00e1 vamos!<\/p>\n\n\n\n<h2 class=\"wp-block-heading\">EL VIATGE DE PAULA<\/h2>\n\n\n\n<p>El fet de que la pr\u00f2pia autora hagui sigut v\u00edctima de una agressi\u00f3 sexual fa que tot el relat sigui un fant\u00e0stic apropament a aquestes viv\u00e8ncies carregat d\u2019empatia a on es reflexiona sobre el fet de estar en una societat &#8220;on les supervivents que decideixen denunciar s&#8217;enfronten a una doble victimitzaci\u00f3 i a un <strong>proc\u00e9s injust i revictimitzant<\/strong> que pot allargar-se durant anys&#8221;.<\/p>\n\n\n\n<p>Toda la obra se convierte, as\u00ed, en un fant\u00e1stico acercamiento a este tipo de vivencias cargado de empat\u00eda donde se reflexiona sobre el hecho de estar en una sociedad &#8220;donde las supervivientes que deciden denunciar se enfrentan a una doble victimizaci\u00f3n y a un <strong>proceso injusto y revictimizador<\/strong> que puede alargarse durante a\u00f1os&#8221;.<\/p>\n\n\n\n<h2 class=\"wp-block-heading\">C\u00d3MO SER AUTISTA<\/h2>\n\n\n\n<p>Una otra historia cargada de vitalidad y superaci\u00f3n, ganadora del <strong>Spectrum Art Prize<\/strong>, esta vez hablamos de otro tipo de supervivencia; la de las personas autistas. De la mano de <strong>Charlotte Amelia Poe<\/strong>, nos enrolamos en un viaje por una cara del autismo no tan conocida, una que no aparece en las redes sociales ni en otros libros. En palabras de la autora: &#8220;Una historia que habla de supervivencia, miedo y, finalmente, la esperanza&#8221; y que tiene la finalidad de cambiar la percepci\u00f3n que hay en la sociedad hacia las personas autistas, a la vez que intenta hacer que \u00e9stas no se sientan tan aisladas. <\/p>\n\n\n\n<h2 class=\"wp-block-heading\">ELS DESPOSSE\u00cfTS<\/h2>\n\n\n\n<p>L\u2019opera prima de la sempre genial <strong>Ursula K. Le Guin<\/strong>, un llibre imprescindible no sols per als amants de la ci\u00e8ncia ficci\u00f3, sin\u00f3 <strong>per a tothom que es faci preguntes sobre el mon en el que vivim<\/strong>. Una brutal novel\u00b7la ambientada en un univers a on els anarquistes han fet una revoluci\u00f3 i han acabat exiliats en el seu propi planeta. En aquest relat hi es, literalment, tota la ess\u00e8ncia de l\u2019anarquisme, totes les contradiccions, tots els reptes i tots els assoliments possibles. Una obra que, si b\u00e9 es possible que et deixi amb m\u00e9s preguntes que respostes, no podr\u00e0s llegir una sola vegada i, de totes maneres, de bon segur que et far\u00e0 pensar.<\/p>\n\n\n\n<p>La opera prima de la siempre genial <strong>Ursula K. Le Guin<\/strong>, un libro imprescindible no s\u00f3lo para los amantes de la ciencia ficci\u00f3n, sino <strong>para todo aquel que se haga preguntas sobre el mundo en el que vivimos<\/strong>. Una brutal novela ambientada en un universo donde los anarquistas han hecho una revoluci\u00f3n y se han acabado exiliando a su propio planeta. En este relato est\u00e1n, literalmente, toda la esencia del anarquismo, todas las contradicciones, todos los retos y todos los logros posibles. Una obra que, si bien es posible que te deje con m\u00e1s preguntas que respuestas, no podr\u00e1s leer una sola vez y, de todas maneras, seguro que te va a hacer pensar.<\/p>\n","protected":false},"excerpt":{"rendered":"<p>[versi\u00f3n en castellano] Ja es aqu\u00ed Sant Jordi, una de les dates m\u00e9s importants per a les persones amants de la lectura. Per sort, ja fa temps que es q\u00fcestiona el concepte d\u2019aquesta festivitat en honor al fornit cavaller que va matar al drac i va salvar la princesa. Avui dia, no has de rebre [&hellip;]<\/p>\n","protected":false},"author":207,"featured_media":392,"comment_status":"open","ping_status":"open","sticky":false,"template":"","format":"standard","meta":{"footnotes":""},"categories":[6],"tags":[7,8],"class_list":{"0":"post-388","1":"post","2":"type-post","3":"status-publish","4":"format-standard","5":"has-post-thumbnail","7":"category-recomanacions","8":"tag-recomanacions","9":"tag-sant-jordi","10":"czr-hentry"},"_links":{"self":[{"href":"https:\/\/aldarull.org\/index.php?rest_route=\/wp\/v2\/posts\/388","targetHints":{"allow":["GET"]}}],"collection":[{"href":"https:\/\/aldarull.org\/index.php?rest_route=\/wp\/v2\/posts"}],"about":[{"href":"https:\/\/aldarull.org\/index.php?rest_route=\/wp\/v2\/types\/post"}],"author":[{"embeddable":true,"href":"https:\/\/aldarull.org\/index.php?rest_route=\/wp\/v2\/users\/207"}],"replies":[{"embeddable":true,"href":"https:\/\/aldarull.org\/index.php?rest_route=%2Fwp%2Fv2%2Fcomments&post=388"}],"version-history":[{"count":3,"href":"https:\/\/aldarull.org\/index.php?rest_route=\/wp\/v2\/posts\/388\/revisions"}],"predecessor-version":[{"id":438,"href":"https:\/\/aldarull.org\/index.php?rest_route=\/wp\/v2\/posts\/388\/revisions\/438"}],"wp:featuredmedia":[{"embeddable":true,"href":"https:\/\/aldarull.org\/index.php?rest_route=\/wp\/v2\/media\/392"}],"wp:attachment":[{"href":"https:\/\/aldarull.org\/index.php?rest_route=%2Fwp%2Fv2%2Fmedia&parent=388"}],"wp:term":[{"taxonomy":"category","embeddable":true,"href":"https:\/\/aldarull.org\/index.php?rest_route=%2Fwp%2Fv2%2Fcategories&post=388"},{"taxonomy":"post_tag","embeddable":true,"href":"https:\/\/aldarull.org\/index.php?rest_route=%2Fwp%2Fv2%2Ftags&post=388"}],"curies":[{"name":"wp","href":"https:\/\/api.w.org\/{rel}","templated":true}]}}